{"id":4174,"date":"2020-10-12T21:38:59","date_gmt":"2020-10-13T02:38:59","guid":{"rendered":"https:\/\/marianistestg.org\/?p=4174"},"modified":"2020-10-12T21:45:00","modified_gmt":"2020-10-13T02:45:00","slug":"journee-mondiale-de-priere-marianiste-2","status":"publish","type":"post","link":"https:\/\/marianistestg.org\/?p=4174","title":{"rendered":"Journ\u00e9e Mondiale de Pri\u00e8re Marianiste"},"content":{"rendered":"<a href=\"https:\/\/marianistestg.org\/wp-content\/uploads\/2020\/10\/JMPM2020.fr_.pdf\" class=\"pdfemb-viewer\" style=\"\" data-width=\"max\" data-height=\"max\"  data-toolbar=\"bottom\" data-toolbar-fixed=\"off\">JMPM2020.fr_<br\/><\/a>\n<p class=\"wp-block-pdfemb-pdf-embedder-viewer\"><\/p>\n\n\n\n<p class=\"has-text-align-center\">Veuillez d\u00e9filer les pages via la barre situ\u00e9e dans la visionneuse.<\/p>\n\n\n<h2>Quelques images de la c\u00e9l\u00e9bration de la Journ\u00e9e Mondiale de Pri\u00e8re Marianiste au Togo<\/h2>\n<h4>C\u00e9l\u00e9bration \u00e0 Kara<\/h4>\n<p><img loading=\"lazy\" src=\"https:\/\/marianistestg.org\/wp-content\/uploads\/2020\/10\/PHOTO-2020-10-12-05-27-34.jpg\" sizes=\"(max-width: 992px) 100vw, 992px\" srcset=\"https:\/\/marianistestg.org\/wp-content\/uploads\/2020\/10\/PHOTO-2020-10-12-05-27-34.jpg 992w, https:\/\/marianistestg.org\/wp-content\/uploads\/2020\/10\/PHOTO-2020-10-12-05-27-34-300x225.jpg 300w, https:\/\/marianistestg.org\/wp-content\/uploads\/2020\/10\/PHOTO-2020-10-12-05-27-34-768x576.jpg 768w, https:\/\/marianistestg.org\/wp-content\/uploads\/2020\/10\/PHOTO-2020-10-12-05-27-34-678x509.jpg 678w, https:\/\/marianistestg.org\/wp-content\/uploads\/2020\/10\/PHOTO-2020-10-12-05-27-34-326x245.jpg 326w, https:\/\/marianistestg.org\/wp-content\/uploads\/2020\/10\/PHOTO-2020-10-12-05-27-34-80x60.jpg 80w\" alt=\"\" width=\"992\" height=\"744\" \/><\/p>\n<p><br \/><img loading=\"lazy\" src=\"https:\/\/marianistestg.org\/wp-content\/uploads\/2020\/10\/PHOTO-2020-10-12-05-24-41-1024x767.jpg\" sizes=\"(max-width: 1024px) 100vw, 1024px\" srcset=\"https:\/\/marianistestg.org\/wp-content\/uploads\/2020\/10\/PHOTO-2020-10-12-05-24-41-1024x767.jpg 1024w, https:\/\/marianistestg.org\/wp-content\/uploads\/2020\/10\/PHOTO-2020-10-12-05-24-41-300x225.jpg 300w, https:\/\/marianistestg.org\/wp-content\/uploads\/2020\/10\/PHOTO-2020-10-12-05-24-41-768x575.jpg 768w, https:\/\/marianistestg.org\/wp-content\/uploads\/2020\/10\/PHOTO-2020-10-12-05-24-41-678x509.jpg 678w, https:\/\/marianistestg.org\/wp-content\/uploads\/2020\/10\/PHOTO-2020-10-12-05-24-41-326x245.jpg 326w, https:\/\/marianistestg.org\/wp-content\/uploads\/2020\/10\/PHOTO-2020-10-12-05-24-41-80x60.jpg 80w, https:\/\/marianistestg.org\/wp-content\/uploads\/2020\/10\/PHOTO-2020-10-12-05-24-41.jpg 1080w\" alt=\"\" width=\"1024\" height=\"767\" \/><\/p>\n<h4>\u00a0<\/h4>\n<h4>C\u00e9l\u00e9bration \u00e0 Sotouboua<\/h4>\n<p><img loading=\"lazy\" src=\"https:\/\/marianistestg.org\/wp-content\/uploads\/2020\/10\/PHOTO-2020-10-12-05-28-22.jpg\" sizes=\"(max-width: 960px) 100vw, 960px\" srcset=\"https:\/\/marianistestg.org\/wp-content\/uploads\/2020\/10\/PHOTO-2020-10-12-05-28-22.jpg 960w, https:\/\/marianistestg.org\/wp-content\/uploads\/2020\/10\/PHOTO-2020-10-12-05-28-22-300x169.jpg 300w, https:\/\/marianistestg.org\/wp-content\/uploads\/2020\/10\/PHOTO-2020-10-12-05-28-22-768x432.jpg 768w, https:\/\/marianistestg.org\/wp-content\/uploads\/2020\/10\/PHOTO-2020-10-12-05-28-22-678x381.jpg 678w\" alt=\"\" width=\"960\" height=\"540\" \/><\/p>","protected":false},"excerpt":{"rendered":"<div class=\"mh-excerpt\"><p>Veuillez d\u00e9filer les pages via la barre situ\u00e9e dans la visionneuse. Quelques images de la c\u00e9l\u00e9bration de la Journ\u00e9e Mondiale de Pri\u00e8re Marianiste au Togo <a class=\"mh-excerpt-more\" href=\"https:\/\/marianistestg.org\/?p=4174\" title=\"Journ\u00e9e Mondiale de Pri\u00e8re Marianiste\">[&#8230;]<\/a><\/p>\n<\/div>","protected":false},"author":1,"featured_media":0,"comment_status":"closed","ping_status":"closed","sticky":false,"template":"","format":"standard","meta":[],"categories":[6],"tags":[],"_links":{"self":[{"href":"https:\/\/marianistestg.org\/index.php?rest_route=\/wp\/v2\/posts\/4174"}],"collection":[{"href":"https:\/\/marianistestg.org\/index.php?rest_route=\/wp\/v2\/posts"}],"about":[{"href":"https:\/\/marianistestg.org\/index.php?rest_route=\/wp\/v2\/types\/post"}],"author":[{"embeddable":true,"href":"https:\/\/marianistestg.org\/index.php?rest_route=\/wp\/v2\/users\/1"}],"replies":[{"embeddable":true,"href":"https:\/\/marianistestg.org\/index.php?rest_route=%2Fwp%2Fv2%2Fcomments&post=4174"}],"version-history":[{"count":7,"href":"https:\/\/marianistestg.org\/index.php?rest_route=\/wp\/v2\/posts\/4174\/revisions"}],"predecessor-version":[{"id":4187,"href":"https:\/\/marianistestg.org\/index.php?rest_route=\/wp\/v2\/posts\/4174\/revisions\/4187"}],"wp:attachment":[{"href":"https:\/\/marianistestg.org\/index.php?rest_route=%2Fwp%2Fv2%2Fmedia&parent=4174"}],"wp:term":[{"taxonomy":"category","embeddable":true,"href":"https:\/\/marianistestg.org\/index.php?rest_route=%2Fwp%2Fv2%2Fcategories&post=4174"},{"taxonomy":"post_tag","embeddable":true,"href":"https:\/\/marianistestg.org\/index.php?rest_route=%2Fwp%2Fv2%2Ftags&post=4174"}],"curies":[{"name":"wp","href":"https:\/\/api.w.org\/{rel}","templated":true}]}}